{"id":947,"date":"2022-09-13T19:12:51","date_gmt":"2022-09-13T17:12:51","guid":{"rendered":"https:\/\/freundeskreis-bruchsal-menehould.eu\/?p=947"},"modified":"2022-10-24T09:54:43","modified_gmt":"2022-10-24T07:54:43","slug":"le-site-internet-des-amis-de-la-photo-de-heidelsheim-a-nouveau-actuel","status":"publish","type":"post","link":"https:\/\/freundeskreis-bruchsal-menehould.eu\/fr\/le-site-internet-des-amis-de-la-photo-de-heidelsheim-a-nouveau-actuel\/","title":{"rendered":"Le site internet des amis de la photo de Heidelsheim actualis\u00e9"},"content":{"rendered":"\n<p><strong>Bons contacts avec les photographes de la ville jumel\u00e9e fran\u00e7aise de Sainte M\u00e9nehould<\/strong><\/p>\n\n\n\n<p>Apr\u00e8s une longue p\u00e9riode de disette due \u00e0 la pand\u00e9mie, les amis de la photo ont enfin pu pr\u00e9senter une grande exposition de photos pendant les vacances de P\u00e2ques. Plus de 200 photos grand format \u00e9taient expos\u00e9es dans trois grandes salles. Pour la premi\u00e8re fois, les membres du club photo de Sainte M\u00e9nehould ont \u00e9t\u00e9 invit\u00e9s \u00e0 participer activement \u00e0 l&rsquo;exposition. Les membres du club sont arriv\u00e9s deux jours avant le d\u00e9but de l&rsquo;exposition et ont apport\u00e9 20 photos encadr\u00e9es repr\u00e9sentant des motifs de leur pays d&rsquo;origine. Une grande salle a \u00e9t\u00e9 sp\u00e9cialement r\u00e9serv\u00e9e pour une pr\u00e9sentation optimale sur des chevalets. A la fin de l&rsquo;exposition, cette belle s\u00e9rie de photos a \u00e9t\u00e9 expos\u00e9e publiquement \u00e0 la mairie de Bruchsal pour tous les visiteurs. Pour acc\u00e9der au site web actuel des amis de la photo de Heidelsheim, veuillez cliquer ci-dessous.<\/p>\n\n\n\n<p>Le lien ci-joint permet de voir toutes les photos de l&rsquo;exposition du club Fotofreunde Heidelsheim.<\/p>\n\n\n\n<figure class=\"wp-block-image size-large\"><img fetchpriority=\"high\" decoding=\"async\" width=\"1024\" height=\"681\" src=\"https:\/\/freundeskreis-bruchsal-menehould.eu\/wp-content\/uploads\/2022\/09\/FotofreundeHeidelsheim-Vernissage2022_hps_84-1024x681.jpg\" alt=\"Gruppenbild bei der Vernissage\" class=\"wp-image-921\" srcset=\"https:\/\/freundeskreis-bruchsal-menehould.eu\/wp-content\/uploads\/2022\/09\/FotofreundeHeidelsheim-Vernissage2022_hps_84-1024x681.jpg 1024w, https:\/\/freundeskreis-bruchsal-menehould.eu\/wp-content\/uploads\/2022\/09\/FotofreundeHeidelsheim-Vernissage2022_hps_84-300x200.jpg 300w, https:\/\/freundeskreis-bruchsal-menehould.eu\/wp-content\/uploads\/2022\/09\/FotofreundeHeidelsheim-Vernissage2022_hps_84-768x511.jpg 768w, https:\/\/freundeskreis-bruchsal-menehould.eu\/wp-content\/uploads\/2022\/09\/FotofreundeHeidelsheim-Vernissage2022_hps_84-391x260.jpg 391w, https:\/\/freundeskreis-bruchsal-menehould.eu\/wp-content\/uploads\/2022\/09\/FotofreundeHeidelsheim-Vernissage2022_hps_84-1536x1022.jpg 1536w, https:\/\/freundeskreis-bruchsal-menehould.eu\/wp-content\/uploads\/2022\/09\/FotofreundeHeidelsheim-Vernissage2022_hps_84-2048x1363.jpg 2048w\" sizes=\"(max-width: 1024px) 100vw, 1024px\" \/><figcaption>Vernissage. De gauche \u00e0 droite : Richard Boulanger, Michel Maraquin (Photoclub Sainte M\u00e9nehould) Gerhard \u00d6fner, Karl-Heinz Malzer (Fotofreunde Heidelsheim), Annette Mandel Stadt Bruchsal  Service des villes jumel\u00e9es, Cornelia Petzold-Schick maire de Bruchsal. Photo : Hans-Peter Safranek.<\/figcaption><\/figure>\n","protected":false},"excerpt":{"rendered":"<p>Bons contacts avec les photographes de la ville jumel\u00e9e fran\u00e7aise de Sainte M\u00e9nehould Apr\u00e8s une longue p\u00e9riode de disette due \u00e0 la pand\u00e9mie, les amis de la photo ont enfin pu pr\u00e9senter une grande exposition de photos pendant les vacances de P\u00e2ques. Plus de 200 photos grand format \u00e9taient expos\u00e9es dans trois grandes salles. Pour &#8230; <a title=\"Le site internet des amis de la photo de Heidelsheim actualis\u00e9\" class=\"read-more\" href=\"https:\/\/freundeskreis-bruchsal-menehould.eu\/fr\/le-site-internet-des-amis-de-la-photo-de-heidelsheim-a-nouveau-actuel\/\" aria-label=\"En savoir plus sur Le site internet des amis de la photo de Heidelsheim actualis\u00e9\">Lire la suite<\/a><\/p>\n","protected":false},"author":2,"featured_media":927,"comment_status":"closed","ping_status":"closed","sticky":false,"template":"","format":"standard","meta":{"_acf_changed":false,"footnotes":""},"categories":[22],"tags":[],"class_list":["post-947","post","type-post","status-publish","format-standard","has-post-thumbnail","hentry","category-activites"],"acf":[],"_links":{"self":[{"href":"https:\/\/freundeskreis-bruchsal-menehould.eu\/fr\/wp-json\/wp\/v2\/posts\/947","targetHints":{"allow":["GET"]}}],"collection":[{"href":"https:\/\/freundeskreis-bruchsal-menehould.eu\/fr\/wp-json\/wp\/v2\/posts"}],"about":[{"href":"https:\/\/freundeskreis-bruchsal-menehould.eu\/fr\/wp-json\/wp\/v2\/types\/post"}],"author":[{"embeddable":true,"href":"https:\/\/freundeskreis-bruchsal-menehould.eu\/fr\/wp-json\/wp\/v2\/users\/2"}],"replies":[{"embeddable":true,"href":"https:\/\/freundeskreis-bruchsal-menehould.eu\/fr\/wp-json\/wp\/v2\/comments?post=947"}],"version-history":[{"count":3,"href":"https:\/\/freundeskreis-bruchsal-menehould.eu\/fr\/wp-json\/wp\/v2\/posts\/947\/revisions"}],"predecessor-version":[{"id":1195,"href":"https:\/\/freundeskreis-bruchsal-menehould.eu\/fr\/wp-json\/wp\/v2\/posts\/947\/revisions\/1195"}],"wp:featuredmedia":[{"embeddable":true,"href":"https:\/\/freundeskreis-bruchsal-menehould.eu\/fr\/wp-json\/wp\/v2\/media\/927"}],"wp:attachment":[{"href":"https:\/\/freundeskreis-bruchsal-menehould.eu\/fr\/wp-json\/wp\/v2\/media?parent=947"}],"wp:term":[{"taxonomy":"category","embeddable":true,"href":"https:\/\/freundeskreis-bruchsal-menehould.eu\/fr\/wp-json\/wp\/v2\/categories?post=947"},{"taxonomy":"post_tag","embeddable":true,"href":"https:\/\/freundeskreis-bruchsal-menehould.eu\/fr\/wp-json\/wp\/v2\/tags?post=947"}],"curies":[{"name":"wp","href":"https:\/\/api.w.org\/{rel}","templated":true}]}}