{"id":2088,"date":"2024-01-19T13:39:18","date_gmt":"2024-01-19T12:39:18","guid":{"rendered":"https:\/\/freundeskreis-bruchsal-menehould.eu\/?p=2088"},"modified":"2024-01-15T13:20:16","modified_gmt":"2024-01-15T12:20:16","slug":"delices-franco-allemands-a-bruchsal","status":"publish","type":"post","link":"https:\/\/freundeskreis-bruchsal-menehould.eu\/fr\/delices-franco-allemands-a-bruchsal\/","title":{"rendered":"D\u00e9lices franco-allemands \u00e0 Bruchsal"},"content":{"rendered":"\n<p>Les membres du cercle d&rsquo;amis franco-allemands se sont r\u00e9unis pour un \u00e9v\u00e9nement particulier dans le cadre d&rsquo;un cours de cuisine de la VHS. Cornelia Keller, qui fait elle-m\u00eame partie du cercle d&rsquo;amis, a anim\u00e9 le groupe et s&rsquo;est procur\u00e9 \u00e0 l&rsquo;avance tous les ingr\u00e9dients n\u00e9cessaires pour un menu de plusieurs plats. Apr\u00e8s une br\u00e8ve discussion et une pr\u00e9sentation de l&rsquo;ordre des plats, les participants se sont r\u00e9partis en petits groupes. Apr\u00e8s un ap\u00e9ritif, ils se sont imm\u00e9diatement mis au travail. Les participants ont nettoy\u00e9, \u00e9minc\u00e9, cuisin\u00e9, m\u00e9lang\u00e9 et fait frire avec une \u00e9nergie commune. La r\u00e9compense a \u00e9t\u00e9 un voyage culinaire \u00e0 travers des menus complets. Les images de la vid\u00e9o parlent d&rsquo;elles-m\u00eames.<\/p>\n\n\n\n<p>Traduit avec www.DeepL.com\/Translator (version gratuite)<\/p>\n\n\n\n<figure class=\"wp-block-embed is-type-video is-provider-youtube wp-block-embed-youtube wp-embed-aspect-16-9 wp-has-aspect-ratio\"><div class=\"wp-block-embed__wrapper\">\n<iframe hcb-fetch-image-from=\"https:\/\/youtu.be\/aITjslcl5BA\" title=\"2023 11 VHS Kochkurs\" width=\"1200\" height=\"675\" src=\"https:\/\/www.youtube.com\/embed\/aITjslcl5BA?feature=oembed\" frameborder=\"0\" allow=\"accelerometer; autoplay; clipboard-write; encrypted-media; gyroscope; picture-in-picture; web-share\" allowfullscreen><\/iframe>\n<\/div><\/figure>\n","protected":false},"excerpt":{"rendered":"<p>Les membres du cercle d&rsquo;amis franco-allemands se sont r\u00e9unis pour un \u00e9v\u00e9nement particulier dans le cadre d&rsquo;un cours de cuisine de la VHS. Cornelia Keller, qui fait elle-m\u00eame partie du cercle d&rsquo;amis, a anim\u00e9 le groupe et s&rsquo;est procur\u00e9 \u00e0 l&rsquo;avance tous les ingr\u00e9dients n\u00e9cessaires pour un menu de plusieurs plats. Apr\u00e8s une br\u00e8ve discussion &#8230; <a title=\"D\u00e9lices franco-allemands \u00e0 Bruchsal\" class=\"read-more\" href=\"https:\/\/freundeskreis-bruchsal-menehould.eu\/fr\/delices-franco-allemands-a-bruchsal\/\" aria-label=\"En savoir plus sur D\u00e9lices franco-allemands \u00e0 Bruchsal\">Lire la suite<\/a><\/p>\n","protected":false},"author":7,"featured_media":2086,"comment_status":"closed","ping_status":"closed","sticky":false,"template":"","format":"standard","meta":{"_acf_changed":false,"footnotes":""},"categories":[22],"tags":[],"class_list":["post-2088","post","type-post","status-publish","format-standard","has-post-thumbnail","hentry","category-activites"],"acf":[],"_links":{"self":[{"href":"https:\/\/freundeskreis-bruchsal-menehould.eu\/fr\/wp-json\/wp\/v2\/posts\/2088","targetHints":{"allow":["GET"]}}],"collection":[{"href":"https:\/\/freundeskreis-bruchsal-menehould.eu\/fr\/wp-json\/wp\/v2\/posts"}],"about":[{"href":"https:\/\/freundeskreis-bruchsal-menehould.eu\/fr\/wp-json\/wp\/v2\/types\/post"}],"author":[{"embeddable":true,"href":"https:\/\/freundeskreis-bruchsal-menehould.eu\/fr\/wp-json\/wp\/v2\/users\/7"}],"replies":[{"embeddable":true,"href":"https:\/\/freundeskreis-bruchsal-menehould.eu\/fr\/wp-json\/wp\/v2\/comments?post=2088"}],"version-history":[{"count":1,"href":"https:\/\/freundeskreis-bruchsal-menehould.eu\/fr\/wp-json\/wp\/v2\/posts\/2088\/revisions"}],"predecessor-version":[{"id":2089,"href":"https:\/\/freundeskreis-bruchsal-menehould.eu\/fr\/wp-json\/wp\/v2\/posts\/2088\/revisions\/2089"}],"wp:featuredmedia":[{"embeddable":true,"href":"https:\/\/freundeskreis-bruchsal-menehould.eu\/fr\/wp-json\/wp\/v2\/media\/2086"}],"wp:attachment":[{"href":"https:\/\/freundeskreis-bruchsal-menehould.eu\/fr\/wp-json\/wp\/v2\/media?parent=2088"}],"wp:term":[{"taxonomy":"category","embeddable":true,"href":"https:\/\/freundeskreis-bruchsal-menehould.eu\/fr\/wp-json\/wp\/v2\/categories?post=2088"},{"taxonomy":"post_tag","embeddable":true,"href":"https:\/\/freundeskreis-bruchsal-menehould.eu\/fr\/wp-json\/wp\/v2\/tags?post=2088"}],"curies":[{"name":"wp","href":"https:\/\/api.w.org\/{rel}","templated":true}]}}